{"id":474,"date":"2020-03-09T06:45:42","date_gmt":"2020-03-09T06:45:42","guid":{"rendered":"https:\/\/grossetulln.at\/?p=474"},"modified":"2020-03-09T06:46:30","modified_gmt":"2020-03-09T06:46:30","slug":"fruehling-im-forellenwasser-laabenbach","status":"publish","type":"post","link":"https:\/\/grossetulln.at\/index.php\/2020\/03\/09\/fruehling-im-forellenwasser-laabenbach\/","title":{"rendered":"Fr\u00fchling am Forellenwasser Laabenbach (Mit Video)"},"content":{"rendered":"\n<p>In einigen Tagen ist es wieder so weit. Der Fr\u00fchling hat seine Vorboten bereits un\u00fcbersehbar losgeschickt. In den Auen an der Gro\u00dfen Tulln, die oberhalb der Anzbachm\u00fcndung Laabenbach hei\u00dft, sprie\u00dfen massenhaft Schneegl\u00f6ckchen. Wer es pikant mag, der findet dort B\u00e4rlauch f\u00fcr Suppen oder Pestos.<\/p>\n\n\n\n<p>Wie sch\u00f6n der Laabenbach im Ortsgebiet von Neulengbach ist, zeigt ein kurzes Video unseres Meisterfotografen Markus Berger. Er wohnt gleich neben dem Revier und ist dort immer wieder mit seiner Kamera an diesem sch\u00f6nen Forellenwasser unterwegs.   <\/p>\n\n\n\n<figure class=\"wp-block-embed-youtube wp-block-embed is-type-video is-provider-youtube wp-embed-aspect-16-9 wp-has-aspect-ratio\"><div class=\"wp-block-embed__wrapper\">\n<iframe loading=\"lazy\" title=\"Bachclip Neulengbach\" width=\"768\" height=\"432\" src=\"https:\/\/www.youtube.com\/embed\/XxbmVSZ1oXs?feature=oembed\" frameborder=\"0\" allow=\"accelerometer; autoplay; encrypted-media; gyroscope; picture-in-picture\" allowfullscreen><\/iframe>\n<\/div><\/figure>\n\n\n\n<p>Momentan laichen noch die Forellen <a href=\"https:\/\/grossetulln.at\/index.php\/2020\/03\/06\/maerz-wunder-die-regenbogenforellen-laichen-in-der-neuen-struktur\/\">(Siehe Videolink hier)<\/a>, die Saison startet aber bald  am ersten April. Noch sind Jahreslizenzen verf\u00fcgbar <a href=\"https:\/\/grossetulln.at\/index.php\/lizenzen\/\">(Siehe Infos hier)<\/a>. Und wer Passbilder braucht, bald heiraten will und eine echten Profi engagieren will, der ist <a href=\"http:\/\/www.foto-berger-markus.at\/\">hier bei Markus Berger<\/a> richtig.<\/p>\n","protected":false},"excerpt":{"rendered":"<p>In einigen Tagen ist es wieder so weit. Der Fr\u00fchling hat seine Vorboten bereits un\u00fcbersehbar losgeschickt. In den Auen an der Gro\u00dfen Tulln, die oberhalb der Anzbachm\u00fcndung Laabenbach hei\u00dft, sprie\u00dfen massenhaft Schneegl\u00f6ckchen. Wer es pikant mag, der findet dort B\u00e4rlauch f\u00fcr Suppen oder Pestos. Wie sch\u00f6n der Laabenbach im Ortsgebiet von Neulengbach ist, zeigt ein [&hellip;]<\/p>\n","protected":false},"author":1,"featured_media":0,"comment_status":"open","ping_status":"open","sticky":false,"template":"","format":"standard","meta":{"footnotes":""},"categories":[1],"tags":[],"class_list":["post-474","post","type-post","status-publish","format-standard","hentry","category-uncategorized"],"_links":{"self":[{"href":"https:\/\/grossetulln.at\/index.php\/wp-json\/wp\/v2\/posts\/474","targetHints":{"allow":["GET"]}}],"collection":[{"href":"https:\/\/grossetulln.at\/index.php\/wp-json\/wp\/v2\/posts"}],"about":[{"href":"https:\/\/grossetulln.at\/index.php\/wp-json\/wp\/v2\/types\/post"}],"author":[{"embeddable":true,"href":"https:\/\/grossetulln.at\/index.php\/wp-json\/wp\/v2\/users\/1"}],"replies":[{"embeddable":true,"href":"https:\/\/grossetulln.at\/index.php\/wp-json\/wp\/v2\/comments?post=474"}],"version-history":[{"count":2,"href":"https:\/\/grossetulln.at\/index.php\/wp-json\/wp\/v2\/posts\/474\/revisions"}],"predecessor-version":[{"id":476,"href":"https:\/\/grossetulln.at\/index.php\/wp-json\/wp\/v2\/posts\/474\/revisions\/476"}],"wp:attachment":[{"href":"https:\/\/grossetulln.at\/index.php\/wp-json\/wp\/v2\/media?parent=474"}],"wp:term":[{"taxonomy":"category","embeddable":true,"href":"https:\/\/grossetulln.at\/index.php\/wp-json\/wp\/v2\/categories?post=474"},{"taxonomy":"post_tag","embeddable":true,"href":"https:\/\/grossetulln.at\/index.php\/wp-json\/wp\/v2\/tags?post=474"}],"curies":[{"name":"wp","href":"https:\/\/api.w.org\/{rel}","templated":true}]}}