{"id":654,"date":"2021-04-30T08:08:07","date_gmt":"2021-04-30T08:08:07","guid":{"rendered":"https:\/\/grossetulln.at\/?p=654"},"modified":"2021-04-30T08:10:33","modified_gmt":"2021-04-30T08:10:33","slug":"schneeforellen-steckerlfisch-und-nasenlaichzug-statusbericht-maerz-april-2021","status":"publish","type":"post","link":"https:\/\/grossetulln.at\/index.php\/2021\/04\/30\/schneeforellen-steckerlfisch-und-nasenlaichzug-statusbericht-maerz-april-2021\/","title":{"rendered":"Schneeforellen, Steckerlfisch und Nasenlaichzug. Statusbericht M\u00e4rz\/April 2021"},"content":{"rendered":"\n<p>Auch heuer wieder war das Revier Gro\u00dfe Tulln I\/1 als Lockdown-Ausgleichsma\u00dfnahme bereits ab 16. M\u00e4rz ge\u00f6ffnet. Und der R\u00fcckblick auf M\u00e4rz und April k\u00f6nnte abwechslungsreicher nicht sein. Von Schneeangeleien, kapitalen Bachforellen, gierigen Junghechten bis zum Laichzug der Nasen war alles dabei, was das Anglerherz h\u00f6her schlagen l\u00e4sst. Das alles bei optimaler Wasserf\u00fchrung. Hier ein Statusbericht in Bildern.<\/p>\n\n\n\n<figure class=\"wp-block-image size-large\"><img loading=\"lazy\" decoding=\"async\" width=\"1024\" height=\"768\" src=\"https:\/\/grossetulln.at\/wp-content\/uploads\/2021\/04\/IMG_0040-1024x768.jpeg\" alt=\"\" class=\"wp-image-616\" srcset=\"https:\/\/grossetulln.at\/wp-content\/uploads\/2021\/04\/IMG_0040-1024x768.jpeg 1024w, https:\/\/grossetulln.at\/wp-content\/uploads\/2021\/04\/IMG_0040-300x225.jpeg 300w, https:\/\/grossetulln.at\/wp-content\/uploads\/2021\/04\/IMG_0040-768x576.jpeg 768w, https:\/\/grossetulln.at\/wp-content\/uploads\/2021\/04\/IMG_0040-1536x1152.jpeg 1536w, https:\/\/grossetulln.at\/wp-content\/uploads\/2021\/04\/IMG_0040-2048x1536.jpeg 2048w\" sizes=\"auto, (max-width: 1024px) 100vw, 1024px\" \/><figcaption>Schneeangelei Ende M\u00e4rz im Schaubergerpark auf die Wienerwald-Forelle.<\/figcaption><\/figure>\n\n\n\n<figure class=\"wp-block-image size-large\"><img loading=\"lazy\" decoding=\"async\" width=\"1024\" height=\"768\" src=\"https:\/\/grossetulln.at\/wp-content\/uploads\/2021\/04\/IMG_0013-1024x768.jpeg\" alt=\"\" class=\"wp-image-615\" srcset=\"https:\/\/grossetulln.at\/wp-content\/uploads\/2021\/04\/IMG_0013-1024x768.jpeg 1024w, https:\/\/grossetulln.at\/wp-content\/uploads\/2021\/04\/IMG_0013-300x225.jpeg 300w, https:\/\/grossetulln.at\/wp-content\/uploads\/2021\/04\/IMG_0013-768x576.jpeg 768w, https:\/\/grossetulln.at\/wp-content\/uploads\/2021\/04\/IMG_0013-1536x1152.jpeg 1536w, https:\/\/grossetulln.at\/wp-content\/uploads\/2021\/04\/IMG_0013-2048x1536.jpeg 2048w\" sizes=\"auto, (max-width: 1024px) 100vw, 1024px\" \/><figcaption>Auch das Abfisch-Mobil unseres Kollegen Fritz Br\u00fcckler musste f\u00fcr einen Einsatz erst freigeschaufelt werden.<\/figcaption><\/figure>\n\n\n\n<figure class=\"wp-block-image size-large\"><img loading=\"lazy\" decoding=\"async\" width=\"1024\" height=\"768\" src=\"https:\/\/grossetulln.at\/wp-content\/uploads\/2021\/04\/IMG_0055-2-1024x768.jpeg\" alt=\"\" class=\"wp-image-618\" srcset=\"https:\/\/grossetulln.at\/wp-content\/uploads\/2021\/04\/IMG_0055-2-1024x768.jpeg 1024w, https:\/\/grossetulln.at\/wp-content\/uploads\/2021\/04\/IMG_0055-2-300x225.jpeg 300w, https:\/\/grossetulln.at\/wp-content\/uploads\/2021\/04\/IMG_0055-2-768x576.jpeg 768w, https:\/\/grossetulln.at\/wp-content\/uploads\/2021\/04\/IMG_0055-2-1536x1152.jpeg 1536w, https:\/\/grossetulln.at\/wp-content\/uploads\/2021\/04\/IMG_0055-2-2048x1536.jpeg 2048w\" sizes=\"auto, (max-width: 1024px) 100vw, 1024px\" \/><figcaption>Die erste Bachforelle der Saison ging in Plankenberg an den Haken. <\/figcaption><\/figure>\n\n\n\n<figure class=\"wp-block-image size-large\"><img loading=\"lazy\" decoding=\"async\" width=\"1024\" height=\"768\" src=\"https:\/\/grossetulln.at\/wp-content\/uploads\/2021\/04\/IMG_0058-scaled-e1619767872821-1024x768.jpeg\" alt=\"\" class=\"wp-image-621\" srcset=\"https:\/\/grossetulln.at\/wp-content\/uploads\/2021\/04\/IMG_0058-scaled-e1619767872821-1024x768.jpeg 1024w, https:\/\/grossetulln.at\/wp-content\/uploads\/2021\/04\/IMG_0058-scaled-e1619767872821-300x225.jpeg 300w, https:\/\/grossetulln.at\/wp-content\/uploads\/2021\/04\/IMG_0058-scaled-e1619767872821-768x576.jpeg 768w, https:\/\/grossetulln.at\/wp-content\/uploads\/2021\/04\/IMG_0058-scaled-e1619767872821-1536x1152.jpeg 1536w, https:\/\/grossetulln.at\/wp-content\/uploads\/2021\/04\/IMG_0058-scaled-e1619767872821-2048x1536.jpeg 2048w\" sizes=\"auto, (max-width: 1024px) 100vw, 1024px\" \/><figcaption>Ein wirklich feudales Abendessen <\/figcaption><\/figure>\n\n\n\n<figure class=\"wp-block-image size-large\"><img loading=\"lazy\" decoding=\"async\" width=\"1024\" height=\"768\" src=\"https:\/\/grossetulln.at\/wp-content\/uploads\/2021\/04\/IMG_0230-2-scaled-e1619768022262-1024x768.jpeg\" alt=\"\" class=\"wp-image-636\" srcset=\"https:\/\/grossetulln.at\/wp-content\/uploads\/2021\/04\/IMG_0230-2-scaled-e1619768022262-1024x768.jpeg 1024w, https:\/\/grossetulln.at\/wp-content\/uploads\/2021\/04\/IMG_0230-2-scaled-e1619768022262-300x225.jpeg 300w, https:\/\/grossetulln.at\/wp-content\/uploads\/2021\/04\/IMG_0230-2-scaled-e1619768022262-768x576.jpeg 768w, https:\/\/grossetulln.at\/wp-content\/uploads\/2021\/04\/IMG_0230-2-scaled-e1619768022262-1536x1152.jpeg 1536w, https:\/\/grossetulln.at\/wp-content\/uploads\/2021\/04\/IMG_0230-2-scaled-e1619768022262-2048x1536.jpeg 2048w\" sizes=\"auto, (max-width: 1024px) 100vw, 1024px\" \/><figcaption>Wenige Tage sp\u00e4ter der n\u00e4chste kapitale Fang. So viele kapitale Bachforellen wie heuer wurden selten gefangen.<\/figcaption><\/figure>\n\n\n\n<figure class=\"wp-block-image size-large\"><img loading=\"lazy\" decoding=\"async\" width=\"640\" height=\"480\" src=\"https:\/\/grossetulln.at\/wp-content\/uploads\/2021\/04\/Mail-Anhang.jpeg\" alt=\"\" class=\"wp-image-655\" srcset=\"https:\/\/grossetulln.at\/wp-content\/uploads\/2021\/04\/Mail-Anhang.jpeg 640w, https:\/\/grossetulln.at\/wp-content\/uploads\/2021\/04\/Mail-Anhang-300x225.jpeg 300w\" sizes=\"auto, (max-width: 640px) 100vw, 640px\" \/><figcaption>Auch Tageslizenznehmer waren erfolgreich. Wolfgang G\u00e4tz angelte diesen \u201ePracker&#8220; mit 48 cm und 1,3 Kilogramm.<\/figcaption><\/figure>\n\n\n\n<figure class=\"wp-block-image size-large\"><img loading=\"lazy\" decoding=\"async\" width=\"768\" height=\"1024\" src=\"https:\/\/grossetulln.at\/wp-content\/uploads\/2021\/04\/IMG_20210425_170326-768x1024.jpg\" alt=\"\" class=\"wp-image-652\" srcset=\"https:\/\/grossetulln.at\/wp-content\/uploads\/2021\/04\/IMG_20210425_170326-768x1024.jpg 768w, https:\/\/grossetulln.at\/wp-content\/uploads\/2021\/04\/IMG_20210425_170326-225x300.jpg 225w, https:\/\/grossetulln.at\/wp-content\/uploads\/2021\/04\/IMG_20210425_170326-1152x1536.jpg 1152w, https:\/\/grossetulln.at\/wp-content\/uploads\/2021\/04\/IMG_20210425_170326.jpg 1536w\" sizes=\"auto, (max-width: 768px) 100vw, 768px\" \/><figcaption>Aber auch unsere beiden Lieblingsfischarten waren bei\u00dffreudig. Hier ein Sch\u00f6ner Aitel und ein noch sch\u00f6nerer D\u00f6bel \ud83d\ude09<\/figcaption><\/figure>\n\n\n\n<figure class=\"wp-block-image size-large\"><img loading=\"lazy\" decoding=\"async\" width=\"1024\" height=\"768\" src=\"https:\/\/grossetulln.at\/wp-content\/uploads\/2021\/04\/IMG_0285-1024x768.jpeg\" alt=\"\" class=\"wp-image-642\" srcset=\"https:\/\/grossetulln.at\/wp-content\/uploads\/2021\/04\/IMG_0285-1024x768.jpeg 1024w, https:\/\/grossetulln.at\/wp-content\/uploads\/2021\/04\/IMG_0285-300x225.jpeg 300w, https:\/\/grossetulln.at\/wp-content\/uploads\/2021\/04\/IMG_0285-768x576.jpeg 768w, https:\/\/grossetulln.at\/wp-content\/uploads\/2021\/04\/IMG_0285-1536x1152.jpeg 1536w, https:\/\/grossetulln.at\/wp-content\/uploads\/2021\/04\/IMG_0285-2048x1536.jpeg 2048w\" sizes=\"auto, (max-width: 1024px) 100vw, 1024px\" \/><figcaption>Sie wurden noch am selben Abend als Steckerlfische zubereitet. Wirklich k\u00f6stlich.<\/figcaption><\/figure>\n\n\n\n<figure class=\"wp-block-image size-large\"><img loading=\"lazy\" decoding=\"async\" width=\"1024\" height=\"768\" src=\"https:\/\/grossetulln.at\/wp-content\/uploads\/2021\/04\/IMG_0201-1024x768.jpeg\" alt=\"\" class=\"wp-image-625\" srcset=\"https:\/\/grossetulln.at\/wp-content\/uploads\/2021\/04\/IMG_0201-1024x768.jpeg 1024w, https:\/\/grossetulln.at\/wp-content\/uploads\/2021\/04\/IMG_0201-300x225.jpeg 300w, https:\/\/grossetulln.at\/wp-content\/uploads\/2021\/04\/IMG_0201-768x576.jpeg 768w, https:\/\/grossetulln.at\/wp-content\/uploads\/2021\/04\/IMG_0201-1536x1152.jpeg 1536w, https:\/\/grossetulln.at\/wp-content\/uploads\/2021\/04\/IMG_0201-2048x1536.jpeg 2048w\" sizes=\"auto, (max-width: 1024px) 100vw, 1024px\" \/><figcaption>Beim Forellenangeln in Siegersdorf machte sich dieser Hecht  am Forellenspinner zu schaffen. Gl\u00fccklicherweise war er so sauber gehakt, dass er das d\u00fcnne Vorfach nicht durchtrennte. Er wurde nat\u00fcrlich zur\u00fcckgesetzt.<\/figcaption><\/figure>\n\n\n\n<figure class=\"wp-block-image size-large\"><img loading=\"lazy\" decoding=\"async\" width=\"1024\" height=\"566\" src=\"https:\/\/grossetulln.at\/wp-content\/uploads\/2021\/04\/Bildschirmfoto-2021-04-30-um-09.07-1024x566.jpeg\" alt=\"\" class=\"wp-image-646\" srcset=\"https:\/\/grossetulln.at\/wp-content\/uploads\/2021\/04\/Bildschirmfoto-2021-04-30-um-09.07-1024x566.jpeg 1024w, https:\/\/grossetulln.at\/wp-content\/uploads\/2021\/04\/Bildschirmfoto-2021-04-30-um-09.07-300x166.jpeg 300w, https:\/\/grossetulln.at\/wp-content\/uploads\/2021\/04\/Bildschirmfoto-2021-04-30-um-09.07-768x425.jpeg 768w, https:\/\/grossetulln.at\/wp-content\/uploads\/2021\/04\/Bildschirmfoto-2021-04-30-um-09.07-1536x850.jpeg 1536w, https:\/\/grossetulln.at\/wp-content\/uploads\/2021\/04\/Bildschirmfoto-2021-04-30-um-09.07-2048x1133.jpeg 2048w\" sizes=\"auto, (max-width: 1024px) 100vw, 1024px\" \/><figcaption>Seit 21. April zogen auch wieder gro\u00dfe Schw\u00e4rme von Nasen \u00fcber den Fischaufstieg in Plankenberg. Sie sind inzwischen \u00fcber den gesamten unteren Revierteil bis Siegersdorf vorgedrungen, Auch Barben kommen sch\u00f6n langsam, hier machen die Donaufische in den vom Landesfischereiverband und vom Revierverband finanzierten Buhnen in Plankenberg Rast.<\/figcaption><\/figure>\n\n\n\n<figure class=\"wp-block-image size-large\"><img loading=\"lazy\" decoding=\"async\" width=\"1024\" height=\"575\" src=\"https:\/\/grossetulln.at\/wp-content\/uploads\/2021\/04\/Bildschirmfoto-2021-04-30-um-09.12-1024x575.jpeg\" alt=\"\" class=\"wp-image-650\" srcset=\"https:\/\/grossetulln.at\/wp-content\/uploads\/2021\/04\/Bildschirmfoto-2021-04-30-um-09.12-1024x575.jpeg 1024w, https:\/\/grossetulln.at\/wp-content\/uploads\/2021\/04\/Bildschirmfoto-2021-04-30-um-09.12-300x169.jpeg 300w, https:\/\/grossetulln.at\/wp-content\/uploads\/2021\/04\/Bildschirmfoto-2021-04-30-um-09.12-768x432.jpeg 768w, https:\/\/grossetulln.at\/wp-content\/uploads\/2021\/04\/Bildschirmfoto-2021-04-30-um-09.12-1536x863.jpeg 1536w, https:\/\/grossetulln.at\/wp-content\/uploads\/2021\/04\/Bildschirmfoto-2021-04-30-um-09.12-2048x1151.jpeg 2048w\" sizes=\"auto, (max-width: 1024px) 100vw, 1024px\" \/><figcaption>Ein Video des \u201eKorallenriffs&#8220; in der gro\u00dfen Tulln werde ich in den kommenden Tagen erstellen.<\/figcaption><\/figure>\n\n\n\n<figure class=\"wp-block-image size-large\"><img loading=\"lazy\" decoding=\"async\" width=\"1024\" height=\"565\" src=\"https:\/\/grossetulln.at\/wp-content\/uploads\/2021\/04\/Bildschirmfoto-2021-04-30-um-09.06-1024x565.jpeg\" alt=\"\" class=\"wp-image-645\" srcset=\"https:\/\/grossetulln.at\/wp-content\/uploads\/2021\/04\/Bildschirmfoto-2021-04-30-um-09.06-1024x565.jpeg 1024w, https:\/\/grossetulln.at\/wp-content\/uploads\/2021\/04\/Bildschirmfoto-2021-04-30-um-09.06-300x165.jpeg 300w, https:\/\/grossetulln.at\/wp-content\/uploads\/2021\/04\/Bildschirmfoto-2021-04-30-um-09.06-768x424.jpeg 768w, https:\/\/grossetulln.at\/wp-content\/uploads\/2021\/04\/Bildschirmfoto-2021-04-30-um-09.06-1536x847.jpeg 1536w, https:\/\/grossetulln.at\/wp-content\/uploads\/2021\/04\/Bildschirmfoto-2021-04-30-um-09.06-2048x1130.jpeg 2048w\" sizes=\"auto, (max-width: 1024px) 100vw, 1024px\" \/><figcaption>Die Buhnen dienen nicht nur Gro\u00dffischen wie Nase und Barbe als unterschlupf, auch der ganzj\u00e4hrig geschonte Schneider besiedelt die Struktur in gro\u00dfen Schw\u00e4rmen (Hintergrund)<\/figcaption><\/figure>\n","protected":false},"excerpt":{"rendered":"<p>Auch heuer wieder war das Revier Gro\u00dfe Tulln I\/1 als Lockdown-Ausgleichsma\u00dfnahme bereits ab 16. M\u00e4rz ge\u00f6ffnet. Und der R\u00fcckblick auf M\u00e4rz und April k\u00f6nnte abwechslungsreicher nicht sein. Von Schneeangeleien, kapitalen Bachforellen, gierigen Junghechten bis zum Laichzug der Nasen war alles dabei, was das Anglerherz h\u00f6her schlagen l\u00e4sst. Das alles bei optimaler Wasserf\u00fchrung. Hier ein Statusbericht [&hellip;]<\/p>\n","protected":false},"author":1,"featured_media":618,"comment_status":"open","ping_status":"open","sticky":false,"template":"","format":"standard","meta":{"footnotes":""},"categories":[7],"tags":[],"class_list":["post-654","post","type-post","status-publish","format-standard","has-post-thumbnail","hentry","category-news"],"_links":{"self":[{"href":"https:\/\/grossetulln.at\/index.php\/wp-json\/wp\/v2\/posts\/654","targetHints":{"allow":["GET"]}}],"collection":[{"href":"https:\/\/grossetulln.at\/index.php\/wp-json\/wp\/v2\/posts"}],"about":[{"href":"https:\/\/grossetulln.at\/index.php\/wp-json\/wp\/v2\/types\/post"}],"author":[{"embeddable":true,"href":"https:\/\/grossetulln.at\/index.php\/wp-json\/wp\/v2\/users\/1"}],"replies":[{"embeddable":true,"href":"https:\/\/grossetulln.at\/index.php\/wp-json\/wp\/v2\/comments?post=654"}],"version-history":[{"count":1,"href":"https:\/\/grossetulln.at\/index.php\/wp-json\/wp\/v2\/posts\/654\/revisions"}],"predecessor-version":[{"id":656,"href":"https:\/\/grossetulln.at\/index.php\/wp-json\/wp\/v2\/posts\/654\/revisions\/656"}],"wp:featuredmedia":[{"embeddable":true,"href":"https:\/\/grossetulln.at\/index.php\/wp-json\/wp\/v2\/media\/618"}],"wp:attachment":[{"href":"https:\/\/grossetulln.at\/index.php\/wp-json\/wp\/v2\/media?parent=654"}],"wp:term":[{"taxonomy":"category","embeddable":true,"href":"https:\/\/grossetulln.at\/index.php\/wp-json\/wp\/v2\/categories?post=654"},{"taxonomy":"post_tag","embeddable":true,"href":"https:\/\/grossetulln.at\/index.php\/wp-json\/wp\/v2\/tags?post=654"}],"curies":[{"name":"wp","href":"https:\/\/api.w.org\/{rel}","templated":true}]}}